{"id":1982,"date":"2021-01-21T12:47:01","date_gmt":"2021-01-21T15:47:01","guid":{"rendered":"https:\/\/www.burobrasil.com\/odwiki\/raca-elfos-do-mar\/"},"modified":"2021-02-04T08:39:06","modified_gmt":"2021-02-04T11:39:06","slug":"raca-elfos-do-mar","status":"publish","type":"post","link":"https:\/\/www.burobrasil.com\/odwiki\/raca-elfos-do-mar\/","title":{"rendered":"Ra\u00e7a &#8211; Elfos do Mar"},"content":{"rendered":"<h3>Elfos do Mar<\/h3>\n<p>Quando uma vila de elfos passou a ser constantemente atacada por orcs que buscavam saques e destrui\u00e7\u00e3o, um grupo foi obrigado a fugir para sobreviver. Sem casa e sem expectativa, come\u00e7ando a passar fome e perdidos pr\u00f3ximo ao mar, os elfos sobreviventes se ajoelharam e passaram a rezar para seu deus Kymis, que recebeu suas preces e ajudou o grupo dando-lhes a capacidade de respirar embaixo d&#039;\u00e1gua. Os elfos ent\u00e3o nadaram para as profundezas e l\u00e1 ficaram, adaptando-se e evoluindo de gera\u00e7\u00e3o em gera\u00e7\u00e3o.<\/p>\n<p>A sociedade dos elfos do mar que se formou em segredo, longe de todos os perigos do mundo, n\u00e3o era muito habilidosa com armas. Patriarcal, alguns homens eram escolhidos para ficarem de vigias e as mulheres eram impedidas de pegarem em armas.<\/p>\n<p>De tempos em tempos alguns elfos, tanto homens quanto mulheres, resolvem sair das profundezas e voltar a superf\u00edcie em busca de uma aventura e conhecimento. Costumam sair da \u00e1gua mas sem se afastar demais do mar. Encontrar um elfo do mar em terra firme longe de seus dom\u00ednios \u00e9 raro e \u00e0s vezes s\u00e3o contados apenas como lendas.<\/p>\n<p>Um Elfos do Mar mede em m\u00e9dia 1,60 metros, pesa por volta de 75 quilos e atinge a idade adulta aos 30 anos.<\/p>\n<p><strong>Idiomas:<\/strong> o idioma de um Elfos do Mar \u00e9 o \u00c9lfico.<\/p>\n<p><strong>Movimenta\u00e7\u00e3o:<\/strong> sua movimenta\u00e7\u00e3o base \u00e9 6 metros.<\/p>\n<p><strong>Alinhamento:<\/strong>\u00a0tendem normalmente a(ao) Ordem.<\/p>\n<p>Ex\u00edmios nadadores, mas em terra firme n\u00e3o possuem tanta habilidade. Costumam usar armas de haste como tridentes em seus ataques. Ganham +1 em for\u00e7a e +1 em destreza, mas levam -2 em constitui\u00e7\u00e3o<\/p>\n<p>Falam o idioma \u00e9lfico, mantido intacto entre as gera\u00e7\u00f5es e o idioma das profundezas. Podem tentar comunica\u00e7\u00e3o com criaturas marinhas com resultados 1 e 2 no d10.<\/p>\n<p>Seu movimento na \u00e1gua (em nado) \u00e9 de 12 metros.<\/p>\n<p><\/p>\n<hr \/>\n<div class=\"su-note\"  style=\"border-color:#cdcdcd;border-radius:3px;-moz-border-radius:3px;-webkit-border-radius:3px;\"><div class=\"su-note-inner su-u-clearfix su-u-trim\" style=\"background-color:#e7e7e7;border-color:#ffffff;color:#333333;border-radius:3px;-moz-border-radius:3px;-webkit-border-radius:3px;\"><span style=\"color: #d31735\"><i class=\"fas fa-hands-helping\"><\/i><\/span> Este \u00e9 um artigo criado por um produtor de conte\u00fado parceiro.<\/p>\n<p><strong>Nome:<\/strong> <em><a href=\"https:\/\/www.burobrasil.com\/odwiki\/author\/jonassartori2\/\">Jonas<\/a>.<\/em><\/p>\n<p><strong>Site:<\/strong> <em><\/em><\/p>\n<p><strong>Email:<\/strong> <em>jonassartori2@gmail.com<\/em><\/p>\n<\/div><\/div>\n<div class=\"pld-like-dislike-wrap pld-template-2\">\r\n    <div class=\"pld-like-wrap  pld-common-wrap\">\r\n    <a href=\"javascript:void(0)\" class=\"pld-like-trigger pld-like-dislike-trigger  \" title=\"Gostou deste artigo?\" data-post-id=\"1982\" data-trigger-type=\"like\" data-restriction=\"ip\" data-already-liked=\"0\">\r\n                        <i class=\"fas fa-heart\"><\/i>\r\n                <\/a>\r\n    <span class=\"pld-like-count-wrap pld-count-wrap\">0    <\/span>\r\n<\/div><\/div>","protected":false},"excerpt":{"rendered":"<p>Elfos do Mar Quando uma vila de elfos passou a ser constantemente atacada por orcs que buscavam saques e destrui\u00e7\u00e3o, um grupo foi obrigado a fugir para sobreviver. Sem casa e sem expectativa, come\u00e7ando a passar fome e perdidos pr\u00f3ximo ao mar, os elfos sobreviventes se ajoelharam e passaram a rezar para seu deus Kymis, [&hellip;]<\/p>\n","protected":false},"author":19,"featured_media":0,"comment_status":"closed","ping_status":"closed","sticky":false,"template":"","format":"standard","meta":{"footnotes":""},"categories":[1],"tags":[],"class_list":["post-1982","post","type-post","status-publish","format-standard","hentry","category-raca","missing-thumbnail"],"_links":{"self":[{"href":"https:\/\/www.burobrasil.com\/odwiki\/wp-json\/wp\/v2\/posts\/1982","targetHints":{"allow":["GET"]}}],"collection":[{"href":"https:\/\/www.burobrasil.com\/odwiki\/wp-json\/wp\/v2\/posts"}],"about":[{"href":"https:\/\/www.burobrasil.com\/odwiki\/wp-json\/wp\/v2\/types\/post"}],"author":[{"embeddable":true,"href":"https:\/\/www.burobrasil.com\/odwiki\/wp-json\/wp\/v2\/users\/19"}],"replies":[{"embeddable":true,"href":"https:\/\/www.burobrasil.com\/odwiki\/wp-json\/wp\/v2\/comments?post=1982"}],"version-history":[{"count":2,"href":"https:\/\/www.burobrasil.com\/odwiki\/wp-json\/wp\/v2\/posts\/1982\/revisions"}],"predecessor-version":[{"id":1985,"href":"https:\/\/www.burobrasil.com\/odwiki\/wp-json\/wp\/v2\/posts\/1982\/revisions\/1985"}],"wp:attachment":[{"href":"https:\/\/www.burobrasil.com\/odwiki\/wp-json\/wp\/v2\/media?parent=1982"}],"wp:term":[{"taxonomy":"category","embeddable":true,"href":"https:\/\/www.burobrasil.com\/odwiki\/wp-json\/wp\/v2\/categories?post=1982"},{"taxonomy":"post_tag","embeddable":true,"href":"https:\/\/www.burobrasil.com\/odwiki\/wp-json\/wp\/v2\/tags?post=1982"}],"curies":[{"name":"wp","href":"https:\/\/api.w.org\/{rel}","templated":true}]}}